{"id":8669,"date":"2025-06-25T16:26:26","date_gmt":"2025-06-25T15:26:26","guid":{"rendered":"https:\/\/www.airellebesson.com\/pages\/?p=8669"},"modified":"2025-09-16T09:13:29","modified_gmt":"2025-09-16T08:13:29","slug":"8669-2","status":"publish","type":"post","link":"https:\/\/www.airellebesson.com\/pages\/8669-2\/","title":{"rendered":"BREAKING NEWS !!!"},"content":{"rendered":"\n<div class=\"wp-block-media-text is-stacked-on-mobile is-vertically-aligned-center\" style=\"grid-template-columns:39% auto\"><figure class=\"wp-block-media-text__media\"><img loading=\"lazy\" decoding=\"async\" width=\"819\" height=\"1024\" src=\"https:\/\/www.airellebesson.com\/pages\/wp-content\/uploads\/2025\/06\/victoires-du-jazz-819x1024.png\" alt=\"\" class=\"wp-image-8670 size-full\" srcset=\"https:\/\/www.airellebesson.com\/pages\/wp-content\/uploads\/2025\/06\/victoires-du-jazz-819x1024.png 819w, https:\/\/www.airellebesson.com\/pages\/wp-content\/uploads\/2025\/06\/victoires-du-jazz-240x300.png 240w, https:\/\/www.airellebesson.com\/pages\/wp-content\/uploads\/2025\/06\/victoires-du-jazz-120x150.png 120w, https:\/\/www.airellebesson.com\/pages\/wp-content\/uploads\/2025\/06\/victoires-du-jazz-768x960.png 768w, https:\/\/www.airellebesson.com\/pages\/wp-content\/uploads\/2025\/06\/victoires-du-jazz-1229x1536.png 1229w, https:\/\/www.airellebesson.com\/pages\/wp-content\/uploads\/2025\/06\/victoires-du-jazz.png 1485w\" sizes=\"auto, (max-width: 819px) 100vw, 819px\" \/><\/figure><div class=\"wp-block-media-text__content\">\n<figure class=\"wp-block-image size-large is-resized\"><img loading=\"lazy\" decoding=\"async\" width=\"1024\" height=\"461\" src=\"https:\/\/www.airellebesson.com\/pages\/wp-content\/uploads\/2025\/06\/Logotypes-Victoires-jazz-millesime-2025-1024x461.jpg\" alt=\"\" class=\"wp-image-8673\" style=\"width:223px;height:auto\" srcset=\"https:\/\/www.airellebesson.com\/pages\/wp-content\/uploads\/2025\/06\/Logotypes-Victoires-jazz-millesime-2025-1024x461.jpg 1024w, https:\/\/www.airellebesson.com\/pages\/wp-content\/uploads\/2025\/06\/Logotypes-Victoires-jazz-millesime-2025-300x135.jpg 300w, https:\/\/www.airellebesson.com\/pages\/wp-content\/uploads\/2025\/06\/Logotypes-Victoires-jazz-millesime-2025-150x68.jpg 150w, https:\/\/www.airellebesson.com\/pages\/wp-content\/uploads\/2025\/06\/Logotypes-Victoires-jazz-millesime-2025-768x346.jpg 768w, https:\/\/www.airellebesson.com\/pages\/wp-content\/uploads\/2025\/06\/Logotypes-Victoires-jazz-millesime-2025-1536x692.jpg 1536w, https:\/\/www.airellebesson.com\/pages\/wp-content\/uploads\/2025\/06\/Logotypes-Victoires-jazz-millesime-2025.jpg 1958w\" sizes=\"auto, (max-width: 1024px) 100vw, 1024px\" \/><\/figure>\n\n\n\n<p>10 ans apr\u00e8s avoir \u00e9t\u00e9 \u00ab r\u00e9v\u00e9lation \u00bb @ <a href=\"https:\/\/www.facebook.com\/LesVictoiresduJazz?__cft__[0]=AZVsRcPnEBonqjgCmh5SvODY1YwQkfuvRLkth556EVA6h-96rwZ1qRUJrlCYW8CUeY0UpkWRNuzD_Tjn4cIJYPpe1jfNaMgBoSRlCy7Ccv7SJmQcMHSAQPoFVJHhsCASn5qcrdQj9AbTxS-wI5sh2jdjGghe_32UVcqkIlTrYPFJJuOL93SZV18H1Soh3Db-vpnbbI6VGNZn8oe9bOQwd6-L&amp;__tn__=-]K-R\">Les Victoires du Jazz<\/a>, je suis tr\u00e8s honor\u00e9e d\u2019\u00eatre nomin\u00e9e cette ann\u00e9e dans la cat\u00e9gorie \u00ab artiste instrumentale \u00bb aux c\u00f4t\u00e9s d\u2019 Arnaud Dolmen et de Baptiste Herbin Music ! Que d\u2019aventures v\u00e9cues !<br>C\u00e9r\u00e9monie le 3 septembre \u00e0 la maison de la Radio !!<\/p>\n\n\n\n<p><\/p>\n<\/div><\/div>\n","protected":false},"excerpt":{"rendered":"","protected":false},"author":3,"featured_media":0,"comment_status":"closed","ping_status":"closed","sticky":false,"template":"","format":"standard","meta":{"footnotes":""},"categories":[1],"tags":[],"class_list":["post-8669","post","type-post","status-publish","format-standard","hentry","category-non-classe"],"_links":{"self":[{"href":"https:\/\/www.airellebesson.com\/pages\/wp-json\/wp\/v2\/posts\/8669","targetHints":{"allow":["GET"]}}],"collection":[{"href":"https:\/\/www.airellebesson.com\/pages\/wp-json\/wp\/v2\/posts"}],"about":[{"href":"https:\/\/www.airellebesson.com\/pages\/wp-json\/wp\/v2\/types\/post"}],"author":[{"embeddable":true,"href":"https:\/\/www.airellebesson.com\/pages\/wp-json\/wp\/v2\/users\/3"}],"replies":[{"embeddable":true,"href":"https:\/\/www.airellebesson.com\/pages\/wp-json\/wp\/v2\/comments?post=8669"}],"version-history":[{"count":11,"href":"https:\/\/www.airellebesson.com\/pages\/wp-json\/wp\/v2\/posts\/8669\/revisions"}],"predecessor-version":[{"id":8792,"href":"https:\/\/www.airellebesson.com\/pages\/wp-json\/wp\/v2\/posts\/8669\/revisions\/8792"}],"wp:attachment":[{"href":"https:\/\/www.airellebesson.com\/pages\/wp-json\/wp\/v2\/media?parent=8669"}],"wp:term":[{"taxonomy":"category","embeddable":true,"href":"https:\/\/www.airellebesson.com\/pages\/wp-json\/wp\/v2\/categories?post=8669"},{"taxonomy":"post_tag","embeddable":true,"href":"https:\/\/www.airellebesson.com\/pages\/wp-json\/wp\/v2\/tags?post=8669"}],"curies":[{"name":"wp","href":"https:\/\/api.w.org\/{rel}","templated":true}]}}